{"id":367,"date":"2025-02-17T13:41:58","date_gmt":"2025-02-17T13:41:58","guid":{"rendered":"https:\/\/tietarentransicion.org\/?p=367"},"modified":"2025-02-17T14:06:15","modified_gmt":"2025-02-17T14:06:15","slug":"el-presidente-de-la-pvtt-considera-razonablemente-satisfactorio-el-encuentro-de-hoy-con-el-presidente-de-la-diputacion-para-impulsar-la-reserva-de-la-biosfera","status":"publish","type":"post","link":"https:\/\/tietarentransicion.org\/index.php\/2025\/02\/17\/el-presidente-de-la-pvtt-considera-razonablemente-satisfactorio-el-encuentro-de-hoy-con-el-presidente-de-la-diputacion-para-impulsar-la-reserva-de-la-biosfera\/","title":{"rendered":"El presidente de la PVTT considera \u201crazonablemente satisfactorio\u201d el encuentro de hoy con el presidente de la Diputaci\u00f3n para impulsar la reserva de la biosfera para el Valle del Ti\u00e9tar."},"content":{"rendered":"<blockquote>\n<h4><strong>Nota de prensa. Valle del Ti\u00e9tar, viernes, 14 de febrero de 2024.<\/strong><br \/>\nEl m\u00e1ximo responsable del organismo rector de la provincia de \u00c1vila se ha reunido esta ma\u00f1ana con una delegaci\u00f3n de la Plataforma Valle del Ti\u00e9tar en Transici\u00f3n (PVTT)<\/h4>\n<\/blockquote>\n<p>Luis \u00c1lvarez-Ude, presidente de la Plataforma Valle del Ti\u00e9tar en Transici\u00f3n, ha declarado que <strong>la reuni\u00f3n sostenida esta ma\u00f1ana con Carlos Garc\u00eda Gonz\u00e1lez, presidente de la Diputaci\u00f3n Provincial de \u00c1vila, ha resultado \u201crazonablemente satisfactoria\u201d, tras haberle presentado el proyecto para conseguir que la UNESCO declare Reserva de la Biosfera el Valle del Ti\u00e9tar.<\/strong> Carmen Santos, vicepresidenta de la plataforma y miembro de la delegaci\u00f3n que ha acudido esta ma\u00f1ana a \u00c1vila, ha declarado, asimismo, que \u201cel presidente nos ha puesto la tarea de demostrar que la declaraci\u00f3n es del todo ventajosa, una excelente idea de cara al futuro del valle\u201d. Para ello, la PVTT va a iniciar una ronda de contactos con los responsables de algunas de las reservas de la biosfera que ya existen en nuestro pa\u00eds, en concreto con las siguientes:<\/p>\n<ul>\n<li>En Le\u00f3n, las de Alto Bernesga y Babia<\/li>\n<li>En Galicia, la de las Mari\u00f1as Coru\u00f1esas y la de Terra Do Mandeo.<\/li>\n<li>En Extremadura, la de Monfrag\u00fce.<\/li>\n<li>En Madrid, la de la Sierra del Rinc\u00f3n.<\/li>\n<\/ul>\n<p>Con los resultados del di\u00e1logo,<strong> la PVTT elaborar\u00e1 un informe que se presentar\u00e1 al presidente de la Diputaci\u00f3n con el prop\u00f3sito de conseguir el apoyo institucional necesario para impulsar la declaraci\u00f3n del Valle del Ti\u00e9tar como nueva Reserva de la Biosfera de la UNESCO.<\/strong><\/p>\n<p>En Espa\u00f1a ya hay 52 reservas de la biosfera y pocas comarcas con unas riquezas naturales y culturales comparables con las del Valle del Ti\u00e9tar. Conseguir el sello ser\u00eda una oportunidad \u00fanica para que esta peque\u00f1a biorregi\u00f3n supere el aislamiento de sus partes, de sus municipios, provincias y comunidades aut\u00f3nomas, y pueda emprender un proyecto de desarrollo sostenible conjunto, adecuado a los rasgos comunes que la identifican como un espacio geogr\u00e1fico especial. Hay ejemplos de reservas de la biosfera en Espa\u00f1a que conectan diferentes provincias y comunidades aut\u00f3nomas, como la de Picos de Europa, que a\u00fana municipios de Cantabria, Asturias y Castilla y Le\u00f3n, o la del valle del Cabriel, que junta a la Comunidad Valenciana con Castilla-La Mancha. Tambi\u00e9n hay reservas de gesti\u00f3n conjunta con otro pa\u00eds, Portugal: la Transfronteriza G\u00eares-Xur\u00e9s, la Transfronteriza Meseta Ib\u00e9rica y la Tajo-Tejo Internacional. En el proyecto en curso, se ver\u00edan implicadas las provincias de \u00c1vila y Toledo, que conforman la divisi\u00f3n administrativa del espacio que conocemos como Valle del Ti\u00e9tar y que constituye, sin duda, una comarca natural o biorregi\u00f3n.<\/p>\n<p>&nbsp;<\/p>\n<p><em>Equipo de Comunicaci\u00f3n de la Plataforma Valle del Ti\u00e9tar en Transici\u00f3n.<\/em><\/p>\n<p><strong>Contacto:<\/strong><br \/>\n<em>prensaycomunicacion@tietarentransicion.org<\/em><\/p>\n","protected":false},"excerpt":{"rendered":"<p>Nota de prensa. Valle del Ti\u00e9tar, viernes, 14 de febrero de 2024. El m\u00e1ximo responsable del organismo rector de la provincia de \u00c1vila se ha reunido esta ma\u00f1ana con una delegaci\u00f3n de la Plataforma Valle del Ti\u00e9tar en Transici\u00f3n (PVTT) Luis \u00c1lvarez-Ude, presidente de la Plataforma Valle del Ti\u00e9tar en Transici\u00f3n, ha declarado que la [&hellip;]<\/p>\n","protected":false},"author":1,"featured_media":0,"comment_status":"closed","ping_status":"closed","sticky":false,"template":"","format":"standard","meta":{"_et_pb_use_builder":"","_et_pb_old_content":"","_et_gb_content_width":"","footnotes":""},"categories":[6],"tags":[7],"class_list":["post-367","post","type-post","status-publish","format-standard","hentry","category-reserva-biosfera","tag-nota-de-prensa"],"yoast_head":"<!-- This site is optimized with the Yoast SEO plugin v27.6 - https:\/\/yoast.com\/product\/yoast-seo-wordpress\/ -->\n<title>El presidente de la PVTT considera \u201crazonablemente satisfactorio\u201d el encuentro de hoy con el presidente de la Diputaci\u00f3n para impulsar la reserva de la biosfera para el Valle del Ti\u00e9tar. - Tietar en Transici\u00f3n<\/title>\n<meta name=\"robots\" content=\"index, follow, max-snippet:-1, max-image-preview:large, max-video-preview:-1\" \/>\n<link rel=\"canonical\" href=\"https:\/\/tietarentransicion.org\/index.php\/2025\/02\/17\/el-presidente-de-la-pvtt-considera-razonablemente-satisfactorio-el-encuentro-de-hoy-con-el-presidente-de-la-diputacion-para-impulsar-la-reserva-de-la-biosfera\/\" \/>\n<meta property=\"og:locale\" content=\"es_ES\" \/>\n<meta property=\"og:type\" content=\"article\" \/>\n<meta property=\"og:title\" content=\"El presidente de la PVTT considera \u201crazonablemente satisfactorio\u201d el encuentro de hoy con el presidente de la Diputaci\u00f3n para impulsar la reserva de la biosfera para el Valle del Ti\u00e9tar. - Tietar en Transici\u00f3n\" \/>\n<meta property=\"og:description\" content=\"Nota de prensa. Valle del Ti\u00e9tar, viernes, 14 de febrero de 2024. El m\u00e1ximo responsable del organismo rector de la provincia de \u00c1vila se ha reunido esta ma\u00f1ana con una delegaci\u00f3n de la Plataforma Valle del Ti\u00e9tar en Transici\u00f3n (PVTT) Luis \u00c1lvarez-Ude, presidente de la Plataforma Valle del Ti\u00e9tar en Transici\u00f3n, ha declarado que la [&hellip;]\" \/>\n<meta property=\"og:url\" content=\"https:\/\/tietarentransicion.org\/index.php\/2025\/02\/17\/el-presidente-de-la-pvtt-considera-razonablemente-satisfactorio-el-encuentro-de-hoy-con-el-presidente-de-la-diputacion-para-impulsar-la-reserva-de-la-biosfera\/\" \/>\n<meta property=\"og:site_name\" content=\"Tietar en Transici\u00f3n\" \/>\n<meta property=\"article:published_time\" content=\"2025-02-17T13:41:58+00:00\" \/>\n<meta property=\"article:modified_time\" content=\"2025-02-17T14:06:15+00:00\" \/>\n<meta name=\"author\" content=\"admin\" \/>\n<meta name=\"twitter:card\" content=\"summary_large_image\" \/>\n<meta name=\"twitter:label1\" content=\"Escrito por\" \/>\n\t<meta name=\"twitter:data1\" content=\"admin\" \/>\n\t<meta name=\"twitter:label2\" content=\"Tiempo de lectura\" \/>\n\t<meta name=\"twitter:data2\" content=\"2 minutos\" \/>\n<script type=\"application\/ld+json\" class=\"yoast-schema-graph\">{\"@context\":\"https:\\\/\\\/schema.org\",\"@graph\":[{\"@type\":\"Article\",\"@id\":\"https:\\\/\\\/tietarentransicion.org\\\/index.php\\\/2025\\\/02\\\/17\\\/el-presidente-de-la-pvtt-considera-razonablemente-satisfactorio-el-encuentro-de-hoy-con-el-presidente-de-la-diputacion-para-impulsar-la-reserva-de-la-biosfera\\\/#article\",\"isPartOf\":{\"@id\":\"https:\\\/\\\/tietarentransicion.org\\\/index.php\\\/2025\\\/02\\\/17\\\/el-presidente-de-la-pvtt-considera-razonablemente-satisfactorio-el-encuentro-de-hoy-con-el-presidente-de-la-diputacion-para-impulsar-la-reserva-de-la-biosfera\\\/\"},\"author\":{\"name\":\"admin\",\"@id\":\"https:\\\/\\\/tietarentransicion.org\\\/#\\\/schema\\\/person\\\/2fa5e8c5568a0da862d58e7b6a9745fc\"},\"headline\":\"El presidente de la PVTT considera \u201crazonablemente satisfactorio\u201d el encuentro de hoy con el presidente de la Diputaci\u00f3n para impulsar la reserva de la biosfera para el Valle del Ti\u00e9tar.\",\"datePublished\":\"2025-02-17T13:41:58+00:00\",\"dateModified\":\"2025-02-17T14:06:15+00:00\",\"mainEntityOfPage\":{\"@id\":\"https:\\\/\\\/tietarentransicion.org\\\/index.php\\\/2025\\\/02\\\/17\\\/el-presidente-de-la-pvtt-considera-razonablemente-satisfactorio-el-encuentro-de-hoy-con-el-presidente-de-la-diputacion-para-impulsar-la-reserva-de-la-biosfera\\\/\"},\"wordCount\":525,\"keywords\":[\"Nota de prensa\"],\"articleSection\":[\"RESERVA BIOSFERA\"],\"inLanguage\":\"es\"},{\"@type\":\"WebPage\",\"@id\":\"https:\\\/\\\/tietarentransicion.org\\\/index.php\\\/2025\\\/02\\\/17\\\/el-presidente-de-la-pvtt-considera-razonablemente-satisfactorio-el-encuentro-de-hoy-con-el-presidente-de-la-diputacion-para-impulsar-la-reserva-de-la-biosfera\\\/\",\"url\":\"https:\\\/\\\/tietarentransicion.org\\\/index.php\\\/2025\\\/02\\\/17\\\/el-presidente-de-la-pvtt-considera-razonablemente-satisfactorio-el-encuentro-de-hoy-con-el-presidente-de-la-diputacion-para-impulsar-la-reserva-de-la-biosfera\\\/\",\"name\":\"El presidente de la PVTT considera \u201crazonablemente satisfactorio\u201d el encuentro de hoy con el presidente de la Diputaci\u00f3n para impulsar la reserva de la biosfera para el Valle del Ti\u00e9tar. - Tietar en Transici\u00f3n\",\"isPartOf\":{\"@id\":\"https:\\\/\\\/tietarentransicion.org\\\/#website\"},\"datePublished\":\"2025-02-17T13:41:58+00:00\",\"dateModified\":\"2025-02-17T14:06:15+00:00\",\"author\":{\"@id\":\"https:\\\/\\\/tietarentransicion.org\\\/#\\\/schema\\\/person\\\/2fa5e8c5568a0da862d58e7b6a9745fc\"},\"breadcrumb\":{\"@id\":\"https:\\\/\\\/tietarentransicion.org\\\/index.php\\\/2025\\\/02\\\/17\\\/el-presidente-de-la-pvtt-considera-razonablemente-satisfactorio-el-encuentro-de-hoy-con-el-presidente-de-la-diputacion-para-impulsar-la-reserva-de-la-biosfera\\\/#breadcrumb\"},\"inLanguage\":\"es\",\"potentialAction\":[{\"@type\":\"ReadAction\",\"target\":[\"https:\\\/\\\/tietarentransicion.org\\\/index.php\\\/2025\\\/02\\\/17\\\/el-presidente-de-la-pvtt-considera-razonablemente-satisfactorio-el-encuentro-de-hoy-con-el-presidente-de-la-diputacion-para-impulsar-la-reserva-de-la-biosfera\\\/\"]}]},{\"@type\":\"BreadcrumbList\",\"@id\":\"https:\\\/\\\/tietarentransicion.org\\\/index.php\\\/2025\\\/02\\\/17\\\/el-presidente-de-la-pvtt-considera-razonablemente-satisfactorio-el-encuentro-de-hoy-con-el-presidente-de-la-diputacion-para-impulsar-la-reserva-de-la-biosfera\\\/#breadcrumb\",\"itemListElement\":[{\"@type\":\"ListItem\",\"position\":1,\"name\":\"Portada\",\"item\":\"https:\\\/\\\/tietarentransicion.org\\\/\"},{\"@type\":\"ListItem\",\"position\":2,\"name\":\"El presidente de la PVTT considera \u201crazonablemente satisfactorio\u201d el encuentro de hoy con el presidente de la Diputaci\u00f3n para impulsar la reserva de la biosfera para el Valle del Ti\u00e9tar.\"}]},{\"@type\":\"WebSite\",\"@id\":\"https:\\\/\\\/tietarentransicion.org\\\/#website\",\"url\":\"https:\\\/\\\/tietarentransicion.org\\\/\",\"name\":\"Tietar en Transici\u00f3n\",\"description\":\"\",\"potentialAction\":[{\"@type\":\"SearchAction\",\"target\":{\"@type\":\"EntryPoint\",\"urlTemplate\":\"https:\\\/\\\/tietarentransicion.org\\\/?s={search_term_string}\"},\"query-input\":{\"@type\":\"PropertyValueSpecification\",\"valueRequired\":true,\"valueName\":\"search_term_string\"}}],\"inLanguage\":\"es\"},{\"@type\":\"Person\",\"@id\":\"https:\\\/\\\/tietarentransicion.org\\\/#\\\/schema\\\/person\\\/2fa5e8c5568a0da862d58e7b6a9745fc\",\"name\":\"admin\",\"sameAs\":[\"https:\\\/\\\/tietarentransicion.org\"],\"url\":\"https:\\\/\\\/tietarentransicion.org\\\/index.php\\\/author\\\/admin\\\/\"}]}<\/script>\n<!-- \/ Yoast SEO plugin. -->","yoast_head_json":{"title":"El presidente de la PVTT considera \u201crazonablemente satisfactorio\u201d el encuentro de hoy con el presidente de la Diputaci\u00f3n para impulsar la reserva de la biosfera para el Valle del Ti\u00e9tar. - Tietar en Transici\u00f3n","robots":{"index":"index","follow":"follow","max-snippet":"max-snippet:-1","max-image-preview":"max-image-preview:large","max-video-preview":"max-video-preview:-1"},"canonical":"https:\/\/tietarentransicion.org\/index.php\/2025\/02\/17\/el-presidente-de-la-pvtt-considera-razonablemente-satisfactorio-el-encuentro-de-hoy-con-el-presidente-de-la-diputacion-para-impulsar-la-reserva-de-la-biosfera\/","og_locale":"es_ES","og_type":"article","og_title":"El presidente de la PVTT considera \u201crazonablemente satisfactorio\u201d el encuentro de hoy con el presidente de la Diputaci\u00f3n para impulsar la reserva de la biosfera para el Valle del Ti\u00e9tar. - Tietar en Transici\u00f3n","og_description":"Nota de prensa. Valle del Ti\u00e9tar, viernes, 14 de febrero de 2024. El m\u00e1ximo responsable del organismo rector de la provincia de \u00c1vila se ha reunido esta ma\u00f1ana con una delegaci\u00f3n de la Plataforma Valle del Ti\u00e9tar en Transici\u00f3n (PVTT) Luis \u00c1lvarez-Ude, presidente de la Plataforma Valle del Ti\u00e9tar en Transici\u00f3n, ha declarado que la [&hellip;]","og_url":"https:\/\/tietarentransicion.org\/index.php\/2025\/02\/17\/el-presidente-de-la-pvtt-considera-razonablemente-satisfactorio-el-encuentro-de-hoy-con-el-presidente-de-la-diputacion-para-impulsar-la-reserva-de-la-biosfera\/","og_site_name":"Tietar en Transici\u00f3n","article_published_time":"2025-02-17T13:41:58+00:00","article_modified_time":"2025-02-17T14:06:15+00:00","author":"admin","twitter_card":"summary_large_image","twitter_misc":{"Escrito por":"admin","Tiempo de lectura":"2 minutos"},"schema":{"@context":"https:\/\/schema.org","@graph":[{"@type":"Article","@id":"https:\/\/tietarentransicion.org\/index.php\/2025\/02\/17\/el-presidente-de-la-pvtt-considera-razonablemente-satisfactorio-el-encuentro-de-hoy-con-el-presidente-de-la-diputacion-para-impulsar-la-reserva-de-la-biosfera\/#article","isPartOf":{"@id":"https:\/\/tietarentransicion.org\/index.php\/2025\/02\/17\/el-presidente-de-la-pvtt-considera-razonablemente-satisfactorio-el-encuentro-de-hoy-con-el-presidente-de-la-diputacion-para-impulsar-la-reserva-de-la-biosfera\/"},"author":{"name":"admin","@id":"https:\/\/tietarentransicion.org\/#\/schema\/person\/2fa5e8c5568a0da862d58e7b6a9745fc"},"headline":"El presidente de la PVTT considera \u201crazonablemente satisfactorio\u201d el encuentro de hoy con el presidente de la Diputaci\u00f3n para impulsar la reserva de la biosfera para el Valle del Ti\u00e9tar.","datePublished":"2025-02-17T13:41:58+00:00","dateModified":"2025-02-17T14:06:15+00:00","mainEntityOfPage":{"@id":"https:\/\/tietarentransicion.org\/index.php\/2025\/02\/17\/el-presidente-de-la-pvtt-considera-razonablemente-satisfactorio-el-encuentro-de-hoy-con-el-presidente-de-la-diputacion-para-impulsar-la-reserva-de-la-biosfera\/"},"wordCount":525,"keywords":["Nota de prensa"],"articleSection":["RESERVA BIOSFERA"],"inLanguage":"es"},{"@type":"WebPage","@id":"https:\/\/tietarentransicion.org\/index.php\/2025\/02\/17\/el-presidente-de-la-pvtt-considera-razonablemente-satisfactorio-el-encuentro-de-hoy-con-el-presidente-de-la-diputacion-para-impulsar-la-reserva-de-la-biosfera\/","url":"https:\/\/tietarentransicion.org\/index.php\/2025\/02\/17\/el-presidente-de-la-pvtt-considera-razonablemente-satisfactorio-el-encuentro-de-hoy-con-el-presidente-de-la-diputacion-para-impulsar-la-reserva-de-la-biosfera\/","name":"El presidente de la PVTT considera \u201crazonablemente satisfactorio\u201d el encuentro de hoy con el presidente de la Diputaci\u00f3n para impulsar la reserva de la biosfera para el Valle del Ti\u00e9tar. - Tietar en Transici\u00f3n","isPartOf":{"@id":"https:\/\/tietarentransicion.org\/#website"},"datePublished":"2025-02-17T13:41:58+00:00","dateModified":"2025-02-17T14:06:15+00:00","author":{"@id":"https:\/\/tietarentransicion.org\/#\/schema\/person\/2fa5e8c5568a0da862d58e7b6a9745fc"},"breadcrumb":{"@id":"https:\/\/tietarentransicion.org\/index.php\/2025\/02\/17\/el-presidente-de-la-pvtt-considera-razonablemente-satisfactorio-el-encuentro-de-hoy-con-el-presidente-de-la-diputacion-para-impulsar-la-reserva-de-la-biosfera\/#breadcrumb"},"inLanguage":"es","potentialAction":[{"@type":"ReadAction","target":["https:\/\/tietarentransicion.org\/index.php\/2025\/02\/17\/el-presidente-de-la-pvtt-considera-razonablemente-satisfactorio-el-encuentro-de-hoy-con-el-presidente-de-la-diputacion-para-impulsar-la-reserva-de-la-biosfera\/"]}]},{"@type":"BreadcrumbList","@id":"https:\/\/tietarentransicion.org\/index.php\/2025\/02\/17\/el-presidente-de-la-pvtt-considera-razonablemente-satisfactorio-el-encuentro-de-hoy-con-el-presidente-de-la-diputacion-para-impulsar-la-reserva-de-la-biosfera\/#breadcrumb","itemListElement":[{"@type":"ListItem","position":1,"name":"Portada","item":"https:\/\/tietarentransicion.org\/"},{"@type":"ListItem","position":2,"name":"El presidente de la PVTT considera \u201crazonablemente satisfactorio\u201d el encuentro de hoy con el presidente de la Diputaci\u00f3n para impulsar la reserva de la biosfera para el Valle del Ti\u00e9tar."}]},{"@type":"WebSite","@id":"https:\/\/tietarentransicion.org\/#website","url":"https:\/\/tietarentransicion.org\/","name":"Tietar en Transici\u00f3n","description":"","potentialAction":[{"@type":"SearchAction","target":{"@type":"EntryPoint","urlTemplate":"https:\/\/tietarentransicion.org\/?s={search_term_string}"},"query-input":{"@type":"PropertyValueSpecification","valueRequired":true,"valueName":"search_term_string"}}],"inLanguage":"es"},{"@type":"Person","@id":"https:\/\/tietarentransicion.org\/#\/schema\/person\/2fa5e8c5568a0da862d58e7b6a9745fc","name":"admin","sameAs":["https:\/\/tietarentransicion.org"],"url":"https:\/\/tietarentransicion.org\/index.php\/author\/admin\/"}]}},"_links":{"self":[{"href":"https:\/\/tietarentransicion.org\/index.php\/wp-json\/wp\/v2\/posts\/367","targetHints":{"allow":["GET"]}}],"collection":[{"href":"https:\/\/tietarentransicion.org\/index.php\/wp-json\/wp\/v2\/posts"}],"about":[{"href":"https:\/\/tietarentransicion.org\/index.php\/wp-json\/wp\/v2\/types\/post"}],"author":[{"embeddable":true,"href":"https:\/\/tietarentransicion.org\/index.php\/wp-json\/wp\/v2\/users\/1"}],"replies":[{"embeddable":true,"href":"https:\/\/tietarentransicion.org\/index.php\/wp-json\/wp\/v2\/comments?post=367"}],"version-history":[{"count":4,"href":"https:\/\/tietarentransicion.org\/index.php\/wp-json\/wp\/v2\/posts\/367\/revisions"}],"predecessor-version":[{"id":376,"href":"https:\/\/tietarentransicion.org\/index.php\/wp-json\/wp\/v2\/posts\/367\/revisions\/376"}],"wp:attachment":[{"href":"https:\/\/tietarentransicion.org\/index.php\/wp-json\/wp\/v2\/media?parent=367"}],"wp:term":[{"taxonomy":"category","embeddable":true,"href":"https:\/\/tietarentransicion.org\/index.php\/wp-json\/wp\/v2\/categories?post=367"},{"taxonomy":"post_tag","embeddable":true,"href":"https:\/\/tietarentransicion.org\/index.php\/wp-json\/wp\/v2\/tags?post=367"}],"curies":[{"name":"wp","href":"https:\/\/api.w.org\/{rel}","templated":true}]}}